{"id":1124,"date":"2025-09-18T16:56:26","date_gmt":"2025-09-18T14:56:26","guid":{"rendered":"https:\/\/psicohabit.es\/?p=1124"},"modified":"2025-09-18T16:56:31","modified_gmt":"2025-09-18T14:56:31","slug":"las-5-heridas-emocionales-traumas-de-infancia","status":"publish","type":"post","link":"https:\/\/psicohabit.es\/es\/las-5-heridas-emocionales-traumas-de-infancia\/","title":{"rendered":"Las 5 Heridas Emocionales. Traumas de Infancia."},"content":{"rendered":"<p>Las 5 Heridas Emocionales<\/p>\n<p>&nbsp;<\/p>\n<p>En mi trabajo en consulta, he podido observar c\u00f3mo las heridas emocionales afectan profundamente la vida de las personas, influyendo en sus relaciones y en su bienestar emocional.<\/p>\n<p>A lo largo de mi trayectoria me he formado mucho en psicolog\u00eda del <strong>apego<\/strong> y <strong>trauma<\/strong> y he podido constatar como estas heridas emocionales, que tendemos a resumir en cinco, suelen <strong>originarse en la infancia<\/strong>, a lo largo de nuestros primeros a\u00f1os de vida.<\/p>\n<p>Son nuestras primeras experiencias con nuestros cuidadores principales, aquellas que <strong>moldean nuestra forma de relacionarnos<\/strong> con los dem\u00e1s y con nosotros mismos y que en gran medida terminan por sentar las bases de lo que creo de m\u00ed, del resto de personas y del mundo.<\/p>\n<p>A continuaci\u00f3n, quiero contarte un poco sobre las cinco heridas emocionales que m\u00e1s nos encontramos en la pr\u00e1ctica cl\u00ednica e intentar\u00e9 explicarte de forma clara como se crean en la infancia y como se manifiestan posteriormente en la vida adulta.<\/p>\n<p>Debemos tener en cuenta que, en ocasiones, el clima en el que aterriza un ni\u00f1o en la vida de sus padres no es el adecuado. A veces sus padres est\u00e1n llenos de miedos, tienen sus propias heridas de infancia, sus propios padres eran extremadamente exigentes, severos o fr\u00edos o se enfrentan a una <strong>maternidad o paternidad no deseada<\/strong> o incluso padecen alguna enfermedad grave, a veces el propio <strong>posparto <\/strong>es complicado o la familia est\u00e1 sufriendo un <strong>duelo<\/strong> por la p\u00e9rdida de otro beb\u00e9 o de alguna otra persona significativa.<\/p>\n<p>Desgraciadamente esto es muy perjudicial para los hijos que en su llegada al mundo necesitan de sus cuidadores para <strong>sobrevivir<\/strong>, <strong>conectarse con el mundo<\/strong> y <strong>sentirse seguros<\/strong>.<\/p>\n<ol>\n<li>LA HERIDA DE RECHAZO<\/li>\n<\/ol>\n<p>La herida de rechazo se origina cuando el ni\u00f1o percibe que uno o ambos cuidadores no lo desean o no aceptan su presencia o sus cualidades esenciales, que <strong>no le aceptan o no le quieren \u201ctal y como es\u201d.<\/strong> Esto puede ocurrir en situaciones donde los padres son emocionalmente <strong>distantes<\/strong>, demasiado <strong>cr\u00edticos<\/strong> o <strong>despectivos<\/strong>.<\/p>\n<p>La herida de rechazo se asocia con un <strong><u>estilo de apego evitativo<\/u><\/strong>.<\/p>\n<p>Los ni\u00f1os con una herida de rechazo tienden a ser adultos que:<\/p>\n<p>&#8211; Tienden a evitar relaciones cercanas en las que exista intimidad, ya que est\u00e1n atemorizados de sufrir un rechazo.<\/p>\n<p>&#8211; Son excesivamente <strong>autocr\u00edticos<\/strong> consigo mismos como si nada nunca estuviera suficientemente bien y suelen tener una autoestima baja.<\/p>\n<p>&#8211; En el fondo tienen una sensaci\u00f3n de no ser dignos, de <strong>no merecer amor<\/strong>, de que es muy dif\u00edcil que alguien pueda quererles.<\/p>\n<ol start=\"2\">\n<li>LA HERIDA DE ABANDONO<\/li>\n<\/ol>\n<p>La herida de abandono surge cuando el ni\u00f1o siente que sus cuidadores <strong>no est\u00e1n emocional o f\u00edsicamente presentes para \u00e9l<\/strong>. Esto puede deberse a negligencia por parte de los progenitores, ausencia prolongada o falta de atenci\u00f3n emocional.<\/p>\n<p>La herida de abandono se relaciona con un <strong><u>estilo de apego ansioso<\/u><\/strong>.<\/p>\n<p>Los ni\u00f1os con una herida de rechazo tienden a ser adultos que\u2026<\/p>\n<p>&#8211; Sufren un <strong>miedo constante a ser abandonado<\/strong> por los seres queridos, como si supieran que solo en el momento presente est\u00e1n pero no tuvieran la certeza de que van a quedarse.<\/p>\n<p>&#8211; Tienen altas probabilidades de sufrir <em>dependencia emocional<\/em> en sus relaciones muy cercanas y de pareja y necesidad de constante <strong>reafirmaci\u00f3n<\/strong>, de que su pareja les quiere, y de que todo est\u00e1 bien, y que no le van a abandonar, necesita constantes \u201cpruebas\u201d.<\/p>\n<p>&#8211; <strong>Sensaci\u00f3n de vac\u00edo y soledad<\/strong> cuando no se est\u00e1 en compa\u00f1\u00eda de otros. Son personas que les cuesta mucho estar solas, especialmente si tienen que gestionar alguna emoci\u00f3n.<\/p>\n<p>&nbsp;<\/p>\n<ol start=\"3\">\n<li>LA HERIDA DE HUMILLACION<\/li>\n<\/ol>\n<p>La herida de humillaci\u00f3n se produce cuando el ni\u00f1o es sometido a situaciones que le hacen sentir avergonzado o indigno. Esto puede ocurrir a trav\u00e9s de la cr\u00edtica excesiva, la ridiculizaci\u00f3n o el menosprecio.<\/p>\n<p>La herida de humillaci\u00f3n puede llevar a un estilo de <strong><u>apego desorganizado<\/u>.<\/strong><\/p>\n<p>Los ni\u00f1os con una herida de humillaci\u00f3n tienden a ser adultos que\u2026<\/p>\n<p>&#8211; <strong>Sensibilidad extrema a la cr\u00edtica<\/strong> o al rechazo, en ocasiones se acompa\u00f1a de emociones de culpa, verg\u00fcenza, rabia y tristeza intensa.<\/p>\n<p>&#8211; Tendencia a <strong>comportamientos autodestructivos<\/strong> o de auto-sabotaje, tales como consumo de drogas, alcohol, conductas de riesgo etc.<\/p>\n<p>&#8211; Dificultad para expresar necesidades y emociones aut\u00e9nticas.<\/p>\n<ol start=\"4\">\n<li>LA HERIDA DE TRAICION<\/li>\n<\/ol>\n<p>La herida de traici\u00f3n se desarrolla cuando el ni\u00f1o percibe que sus cuidadores no cumplen con sus promesas o no son confiables. Esto genera una profunda desconfianza y miedo a ser enga\u00f1ado.<\/p>\n<p>La herida de traici\u00f3n se relaciona con un estilo de <strong><u>apego ansioso-ambivalente<\/u><\/strong><u>.<\/u><\/p>\n<p>Los ni\u00f1os con una herida de traici\u00f3n son adultos que\u2026<\/p>\n<p>&#8211; Experimentan grandes <strong>dificultades para confiar<\/strong> en los dem\u00e1s y mantener relaciones estables, tienden a ver <strong>\u201cmalas intenciones\u201d<\/strong> donde no las hay.<\/p>\n<p>&#8211; Necesitan ser muy <strong>controladoras<\/strong> con situaciones y personas para evitar la traici\u00f3n.<\/p>\n<p>&#8211; Sentimientos de <strong>celos e inseguridad<\/strong> en las relaciones. Es com\u00fan que las personas que experimentan altos grados de celotipia padecen la herida de traici\u00f3n.<\/p>\n<p>&nbsp;<\/p>\n<ol start=\"5\">\n<li>HERIDA DE INJUSTICIA<\/li>\n<\/ol>\n<p>La herida de injusticia aparece cuando el ni\u00f1o siente que es tratado de manera inequitativa o que sus esfuerzos no son reconocidos. Esto puede ocurrir en ambientes donde los cuidadores son muy cr\u00edticos o exigentes.<\/p>\n<p>La herida de injusticia puede llevar a un <strong><u>estilo de apego evitativo.<\/u><\/strong><\/p>\n<p>Los ni\u00f1os con una herida de injusticia son adultos que\u2026<\/p>\n<p>&#8211; <strong>Perfeccionismo y autoexigencia<\/strong> excesiva.<\/p>\n<p>&#8211; Dificultad para <strong>reconocer y expresar las propias necesidades y emociones<\/strong>.<\/p>\n<p>&#8211; Sentimientos de resentimiento y enfado cuando se percibe una injusticia.<\/p>\n<p>\u00bfQU\u00c9 HACEMOS EN CONSULTA?<\/p>\n<p>En el proceso de terapia se busca <strong>sanar y reconstruir<\/strong> una sensaci\u00f3n de seguridad y autoestima.<\/p>\n<p>En primer lugar, es crucial que la persona pueda reconocer sus heridas emocionales y valide sus experiencias pasadas. Parece algo f\u00e1cil, pero cada uno hemos vivido nuestra vida como \u201cla normalidad\u201d y a veces nos cuesta discernir entre \u201clo que se espera que me pase\u201d y los <strong>comportamientos negligentes<\/strong> o disfuncionales.<\/p>\n<p>A menudo, esto se hace a trav\u00e9s de <strong>t\u00e9cnicas narrativas<\/strong>, el trabajo con la <strong>l\u00ednea de vida<\/strong> es de mucha utilidad para que el paciente cuente su historia y empiece a entender c\u00f3mo esas experiencias tempranas han afectado su vida actual.<\/p>\n<p>Este proceso ayuda a <strong>dar sentido a las emociones<\/strong> y comportamientos actuales, permitiendo que la persona vea las conexiones entre sus experiencias pasadas y sus sentimientos presentes. Me gusta explicar a las personas con las que trabajo que es como \u201cdarnos una vuelta por nuestro pasado y nuestras experiencias para entender de d\u00f3nde venimos\u201d. Adem\u00e1s, es com\u00fan que sientan un gran alivio al \u201centender porque act\u00fao as\u00ed\u201d.<\/p>\n<p>A lo largo de las sesiones, se trabaja tambi\u00e9n en identificar y cambiar los <strong>patrones de pensamiento<\/strong> y las creencias negativas y autodestructivos que surgieron a ra\u00edz de estas heridas. Por ejemplo, si una persona con una herida de rechazo tiende a pensar que no es digna de amor, se le ayuda a cuestionar y reestructurar estos pensamientos para desarrollar una visi\u00f3n m\u00e1s positiva y realista de s\u00ed misma.<\/p>\n<p>Adem\u00e1s, fomentar la <strong>autoaceptaci\u00f3n y la autocompasi\u00f3n<\/strong> es fundamental en el proceso de sanaci\u00f3n.<\/p>\n<p>Me encuentro a menudo con personas incapaces de tratarse con la misma amabilidad y comprensi\u00f3n que le ofrecer\u00edan a una persona importante a la que quieran mucho.<\/p>\n<p>A trav\u00e9s de todo este trabajo tambi\u00e9n aprenden a reconocer y respetar sus propias necesidades y emociones, algo que es dif\u00edcil para aquellos con heridas emocionales profundas.<\/p>\n<p>La <strong>construcci\u00f3n de relaciones seguras y saludables<\/strong> tambi\u00e9n es una parte esencial del proceso de terapia. Esto implica desarrollar habilidades de comunicaci\u00f3n efectiva, aprender a establecer l\u00edmites saludables y fomentar la confianza mutua en las relaciones.<\/p>\n<p>Las heridas emocionales tienen un impacto profundo y duradero en nuestra vida y nuestras relaciones. Entenderlas nos permite abordar su origen y trabajar en su sanaci\u00f3n de manera efectiva. A trav\u00e9s del reconocimiento, la validaci\u00f3n y la intervenci\u00f3n terap\u00e9utica adecuada, es posible superar estas heridas y desarrollar un <strong>apego seguro y saludable<\/strong>, mejorando as\u00ed nuestra calidad de vida y bienestar emocional. <strong>Somos mucho mas que nuestras heridas.<\/strong><\/p>\n<p>Gracias por leerme. \u00a1Nos vemos en consulta!<\/p>\n<p><a href=\"https:\/\/www.doctoralia.es\/cristina-de-armas-rodriguez\/psicologo-psicologo-infantil\/madrid?prevent-patient-app-banner=true&amp;utm_source=google&amp;utm_medium=gmb&amp;utm_campaign=146820&amp;utm_content=book_visit&amp;hl=es-ES&amp;gei=MBrMaNvEOpeckdUPkO2ywAY&amp;rwg_token=ACgRB3ebcym7benZaxhuPVG9qRgFHNVl-yVwQHylVcDd9MvUxca3sqOaxemRcza4kJbS7eyXSGL5tUgx6YdbrKJhgN1UXhQiTQ%3D%3D#highlight-calendar\">PIDE TU CITA AQUI<\/a><\/p>\n","protected":false},"excerpt":{"rendered":"<p>Las 5 Heridas Emocionales &nbsp; En mi trabajo en consulta, he podido observar c\u00f3mo las heridas emocionales afectan profundamente la vida de las personas, influyendo en sus relaciones y en su bienestar emocional. A lo largo de mi trayectoria me he formado mucho en psicolog\u00eda del apego y trauma y he podido constatar como estas heridas emocionales, que tendemos a resumir en cinco, suelen originarse en la infancia, a lo largo de nuestros primeros a\u00f1os de vida. Son nuestras primeras experiencias con nuestros cuidadores principales, aquellas que moldean nuestra forma de relacionarnos con los dem\u00e1s y con nosotros mismos y que en gran medida terminan por sentar las bases de lo que creo de m\u00ed, del resto de personas y del mundo. A continuaci\u00f3n, quiero contarte un poco sobre las cinco heridas emocionales que m\u00e1s nos encontramos en la pr\u00e1ctica cl\u00ednica e intentar\u00e9 explicarte de forma clara como se crean en la infancia y como se manifiestan posteriormente en la vida adulta. Debemos tener en cuenta que, en ocasiones, el clima en el que aterriza un ni\u00f1o en la vida de sus padres no es el adecuado. A veces sus padres est\u00e1n llenos de miedos, tienen sus propias heridas de infancia, sus propios padres eran extremadamente exigentes, severos o fr\u00edos o se enfrentan a una maternidad o paternidad no deseada o incluso padecen alguna enfermedad grave, a veces el propio posparto es complicado o la familia est\u00e1 sufriendo un duelo por la p\u00e9rdida de otro beb\u00e9 o de alguna otra persona significativa. Desgraciadamente esto es muy perjudicial para los hijos que en su llegada al mundo necesitan de sus cuidadores para sobrevivir, conectarse con el mundo y sentirse seguros. LA HERIDA DE RECHAZO La herida de rechazo se origina cuando el ni\u00f1o percibe que uno o ambos cuidadores no lo desean o no aceptan su presencia o sus cualidades esenciales, que no le aceptan o no le quieren \u201ctal y como es\u201d. Esto puede ocurrir en situaciones donde los padres son emocionalmente distantes, demasiado cr\u00edticos o despectivos. La herida de rechazo se asocia con un estilo de apego evitativo. Los ni\u00f1os con una herida de rechazo tienden a ser adultos que: &#8211; Tienden a evitar relaciones cercanas en las que exista intimidad, ya que est\u00e1n atemorizados de sufrir un rechazo. &#8211; Son excesivamente autocr\u00edticos consigo mismos como si nada nunca estuviera suficientemente bien y suelen tener una autoestima baja. &#8211; En el fondo tienen una sensaci\u00f3n de no ser dignos, de no merecer amor, de que es muy dif\u00edcil que alguien pueda quererles. LA HERIDA DE ABANDONO La herida de abandono surge cuando el ni\u00f1o siente que sus cuidadores no est\u00e1n emocional o f\u00edsicamente presentes para \u00e9l. Esto puede deberse a negligencia por parte de los progenitores, ausencia prolongada o falta de atenci\u00f3n emocional. La herida de abandono se relaciona con un estilo de apego ansioso. Los ni\u00f1os con una herida de rechazo tienden a ser adultos que\u2026 &#8211; Sufren un miedo constante a ser abandonado por los seres queridos, como si supieran que solo en el momento presente est\u00e1n pero no tuvieran la certeza de que van a quedarse. &#8211; Tienen altas probabilidades de sufrir dependencia emocional en sus relaciones muy cercanas y de pareja y necesidad de constante reafirmaci\u00f3n, de que su pareja les quiere, y de que todo est\u00e1 bien, y que no le van a abandonar, necesita constantes \u201cpruebas\u201d. &#8211; Sensaci\u00f3n de vac\u00edo y soledad cuando no se est\u00e1 en compa\u00f1\u00eda de otros. Son personas que les cuesta mucho estar solas, especialmente si tienen que gestionar alguna emoci\u00f3n. &nbsp; LA HERIDA DE HUMILLACION La herida de humillaci\u00f3n se produce cuando el ni\u00f1o es sometido a situaciones que le hacen sentir avergonzado o indigno. Esto puede ocurrir a trav\u00e9s de la cr\u00edtica excesiva, la ridiculizaci\u00f3n o el menosprecio. La herida de humillaci\u00f3n puede llevar a un estilo de apego desorganizado. Los ni\u00f1os con una herida de humillaci\u00f3n tienden a ser adultos que\u2026 &#8211; Sensibilidad extrema a la cr\u00edtica o al rechazo, en ocasiones se acompa\u00f1a de emociones de culpa, verg\u00fcenza, rabia y tristeza intensa. &#8211; Tendencia a comportamientos autodestructivos o de auto-sabotaje, tales como consumo de drogas, alcohol, conductas de riesgo etc. &#8211; Dificultad para expresar necesidades y emociones aut\u00e9nticas. LA HERIDA DE TRAICION La herida de traici\u00f3n se desarrolla cuando el ni\u00f1o percibe que sus cuidadores no cumplen con sus promesas o no son confiables. Esto genera una profunda desconfianza y miedo a ser enga\u00f1ado. La herida de traici\u00f3n se relaciona con un estilo de apego ansioso-ambivalente. Los ni\u00f1os con una herida de traici\u00f3n son adultos que\u2026 &#8211; Experimentan grandes dificultades para confiar en los dem\u00e1s y mantener relaciones estables, tienden a ver \u201cmalas intenciones\u201d donde no las hay. &#8211; Necesitan ser muy controladoras con situaciones y personas para evitar la traici\u00f3n. &#8211; Sentimientos de celos e inseguridad en las relaciones. Es com\u00fan que las personas que experimentan altos grados de celotipia padecen la herida de traici\u00f3n. &nbsp; HERIDA DE INJUSTICIA La herida de injusticia aparece cuando el ni\u00f1o siente que es tratado de manera inequitativa o que sus esfuerzos no son reconocidos. Esto puede ocurrir en ambientes donde los cuidadores son muy cr\u00edticos o exigentes. La herida de injusticia puede llevar a un estilo de apego evitativo. Los ni\u00f1os con una herida de injusticia son adultos que\u2026 &#8211; Perfeccionismo y autoexigencia excesiva. &#8211; Dificultad para reconocer y expresar las propias necesidades y emociones. &#8211; Sentimientos de resentimiento y enfado cuando se percibe una injusticia. \u00bfQU\u00c9 HACEMOS EN CONSULTA? En el proceso de terapia se busca sanar y reconstruir una sensaci\u00f3n de seguridad y autoestima. En primer lugar, es crucial que la persona pueda reconocer sus heridas emocionales y valide sus experiencias pasadas. Parece algo f\u00e1cil, pero cada uno hemos vivido nuestra vida como \u201cla normalidad\u201d y a veces nos cuesta discernir entre \u201clo que se espera que me pase\u201d y los comportamientos negligentes o disfuncionales. A menudo, esto se hace a trav\u00e9s de t\u00e9cnicas narrativas, el trabajo con la l\u00ednea de vida es de<\/p>\n","protected":false},"author":8,"featured_media":741,"comment_status":"open","ping_status":"open","sticky":false,"template":"","format":"standard","meta":{"footnotes":""},"categories":[1],"tags":[18,21,19,22,20,16,23,24,17],"class_list":["post-1124","post","type-post","status-publish","format-standard","has-post-thumbnail","hentry","category-sin-categoria","tag-herida-de-abandono","tag-herida-de-humillacion","tag-herida-de-injusticia","tag-herida-de-rechazo","tag-herida-de-traicion","tag-heridas-de-infancia","tag-miedo-a-la-critica","tag-miedo-al-abandono","tag-traumas-infantiles"],"yoast_head":"<!-- This site is optimized with the Yoast SEO plugin v27.5 - https:\/\/yoast.com\/product\/yoast-seo-wordpress\/ -->\n<title>Las 5 Heridas Emocionales. Traumas de Infancia. - Clinica Psicol\u00f3gica Cristina de Armas<\/title>\n<meta name=\"description\" content=\"Las heridas de la infancia marcan nuestra autoestima y relaciones adultas. Descubre c\u00f3mo reconocerlas y trabajarlas en terapia para poder sanarlas.\" \/>\n<meta name=\"robots\" content=\"index, follow, max-snippet:-1, max-image-preview:large, max-video-preview:-1\" \/>\n<link rel=\"canonical\" href=\"https:\/\/psicohabit.es\/es\/las-5-heridas-emocionales-traumas-de-infancia\/\" \/>\n<meta property=\"og:locale\" content=\"es_ES\" \/>\n<meta property=\"og:type\" content=\"article\" \/>\n<meta property=\"og:title\" content=\"Las 5 Heridas Emocionales. Traumas de Infancia. - Clinica Psicol\u00f3gica Cristina de Armas\" \/>\n<meta property=\"og:description\" content=\"Las heridas de la infancia marcan nuestra autoestima y relaciones adultas. Descubre c\u00f3mo reconocerlas y trabajarlas en terapia para poder sanarlas.\" \/>\n<meta property=\"og:url\" content=\"https:\/\/psicohabit.es\/es\/las-5-heridas-emocionales-traumas-de-infancia\/\" \/>\n<meta property=\"og:site_name\" content=\"Clinica Psicol\u00f3gica Cristina de Armas\" \/>\n<meta property=\"article:published_time\" content=\"2025-09-18T14:56:26+00:00\" \/>\n<meta property=\"article:modified_time\" content=\"2025-09-18T14:56:31+00:00\" \/>\n<meta property=\"og:image\" content=\"https:\/\/psicohabit.es\/wp-content\/uploads\/2024\/06\/mom-is-tired-of-the-baby-wants-to-rest-and-sleep-2023-11-27-05-16-36-utc-scaled.jpg\" \/>\n\t<meta property=\"og:image:width\" content=\"2560\" \/>\n\t<meta property=\"og:image:height\" content=\"1707\" \/>\n\t<meta property=\"og:image:type\" content=\"image\/jpeg\" \/>\n<meta name=\"author\" content=\"cristinadearmas\" \/>\n<meta name=\"twitter:card\" content=\"summary_large_image\" \/>\n<meta name=\"twitter:label1\" content=\"Escrito por\" \/>\n\t<meta name=\"twitter:data1\" content=\"cristinadearmas\" \/>\n\t<meta name=\"twitter:label2\" content=\"Tiempo de lectura\" \/>\n\t<meta name=\"twitter:data2\" content=\"7 minutos\" \/>\n<script type=\"application\/ld+json\" class=\"yoast-schema-graph\">{\"@context\":\"https:\\\/\\\/schema.org\",\"@graph\":[{\"@type\":\"Article\",\"@id\":\"https:\\\/\\\/psicohabit.es\\\/las-5-heridas-emocionales-traumas-de-infancia\\\/#article\",\"isPartOf\":{\"@id\":\"https:\\\/\\\/psicohabit.es\\\/las-5-heridas-emocionales-traumas-de-infancia\\\/\"},\"author\":{\"name\":\"cristinadearmas\",\"@id\":\"https:\\\/\\\/psicohabit.es\\\/#\\\/schema\\\/person\\\/92f8c6e8884d82534f07bc974aad3cab\"},\"headline\":\"Las 5 Heridas Emocionales. Traumas de Infancia.\",\"datePublished\":\"2025-09-18T14:56:26+00:00\",\"dateModified\":\"2025-09-18T14:56:31+00:00\",\"mainEntityOfPage\":{\"@id\":\"https:\\\/\\\/psicohabit.es\\\/las-5-heridas-emocionales-traumas-de-infancia\\\/\"},\"wordCount\":1431,\"commentCount\":0,\"publisher\":{\"@id\":\"https:\\\/\\\/psicohabit.es\\\/#organization\"},\"image\":{\"@id\":\"https:\\\/\\\/psicohabit.es\\\/las-5-heridas-emocionales-traumas-de-infancia\\\/#primaryimage\"},\"thumbnailUrl\":\"https:\\\/\\\/psicohabit.es\\\/wp-content\\\/uploads\\\/2024\\\/06\\\/mom-is-tired-of-the-baby-wants-to-rest-and-sleep-2023-11-27-05-16-36-utc-scaled.jpg\",\"keywords\":[\"Herida de abandono\",\"Herida de Humillacion\",\"Herida de Injusticia\",\"Herida de rechazo\",\"Herida de Traicion\",\"Heridas de infancia\",\"Miedo a la critica\",\"Miedo al abandono\",\"Traumas infantiles\"],\"inLanguage\":\"es\",\"potentialAction\":[{\"@type\":\"CommentAction\",\"name\":\"Comment\",\"target\":[\"https:\\\/\\\/psicohabit.es\\\/las-5-heridas-emocionales-traumas-de-infancia\\\/#respond\"]}]},{\"@type\":\"WebPage\",\"@id\":\"https:\\\/\\\/psicohabit.es\\\/las-5-heridas-emocionales-traumas-de-infancia\\\/\",\"url\":\"https:\\\/\\\/psicohabit.es\\\/las-5-heridas-emocionales-traumas-de-infancia\\\/\",\"name\":\"Las 5 Heridas Emocionales. Traumas de Infancia. - Clinica Psicol\u00f3gica Cristina de Armas\",\"isPartOf\":{\"@id\":\"https:\\\/\\\/psicohabit.es\\\/#website\"},\"primaryImageOfPage\":{\"@id\":\"https:\\\/\\\/psicohabit.es\\\/las-5-heridas-emocionales-traumas-de-infancia\\\/#primaryimage\"},\"image\":{\"@id\":\"https:\\\/\\\/psicohabit.es\\\/las-5-heridas-emocionales-traumas-de-infancia\\\/#primaryimage\"},\"thumbnailUrl\":\"https:\\\/\\\/psicohabit.es\\\/wp-content\\\/uploads\\\/2024\\\/06\\\/mom-is-tired-of-the-baby-wants-to-rest-and-sleep-2023-11-27-05-16-36-utc-scaled.jpg\",\"datePublished\":\"2025-09-18T14:56:26+00:00\",\"dateModified\":\"2025-09-18T14:56:31+00:00\",\"description\":\"Las heridas de la infancia marcan nuestra autoestima y relaciones adultas. Descubre c\u00f3mo reconocerlas y trabajarlas en terapia para poder sanarlas.\",\"breadcrumb\":{\"@id\":\"https:\\\/\\\/psicohabit.es\\\/las-5-heridas-emocionales-traumas-de-infancia\\\/#breadcrumb\"},\"inLanguage\":\"es\",\"potentialAction\":[{\"@type\":\"ReadAction\",\"target\":[\"https:\\\/\\\/psicohabit.es\\\/las-5-heridas-emocionales-traumas-de-infancia\\\/\"]}]},{\"@type\":\"ImageObject\",\"inLanguage\":\"es\",\"@id\":\"https:\\\/\\\/psicohabit.es\\\/las-5-heridas-emocionales-traumas-de-infancia\\\/#primaryimage\",\"url\":\"https:\\\/\\\/psicohabit.es\\\/wp-content\\\/uploads\\\/2024\\\/06\\\/mom-is-tired-of-the-baby-wants-to-rest-and-sleep-2023-11-27-05-16-36-utc-scaled.jpg\",\"contentUrl\":\"https:\\\/\\\/psicohabit.es\\\/wp-content\\\/uploads\\\/2024\\\/06\\\/mom-is-tired-of-the-baby-wants-to-rest-and-sleep-2023-11-27-05-16-36-utc-scaled.jpg\",\"width\":2560,\"height\":1707,\"caption\":\"Mom is tired of the baby, wants to rest and sleep. The child screams, hysterical. The woman is tired of the child's cry, she does not want to hear it. A one-year-old girl yells from a toothache.\"},{\"@type\":\"BreadcrumbList\",\"@id\":\"https:\\\/\\\/psicohabit.es\\\/las-5-heridas-emocionales-traumas-de-infancia\\\/#breadcrumb\",\"itemListElement\":[{\"@type\":\"ListItem\",\"position\":1,\"name\":\"Portada\",\"item\":\"https:\\\/\\\/psicohabit.es\\\/\"},{\"@type\":\"ListItem\",\"position\":2,\"name\":\"Las 5 Heridas Emocionales. Traumas de Infancia.\"}]},{\"@type\":\"WebSite\",\"@id\":\"https:\\\/\\\/psicohabit.es\\\/#website\",\"url\":\"https:\\\/\\\/psicohabit.es\\\/\",\"name\":\"Clinica Psicol\u00f3gica Cristina de Armas\",\"description\":\"Servicios de psicolog\u00eda en Madrid y on-line\",\"publisher\":{\"@id\":\"https:\\\/\\\/psicohabit.es\\\/#organization\"},\"potentialAction\":[{\"@type\":\"SearchAction\",\"target\":{\"@type\":\"EntryPoint\",\"urlTemplate\":\"https:\\\/\\\/psicohabit.es\\\/?s={search_term_string}\"},\"query-input\":{\"@type\":\"PropertyValueSpecification\",\"valueRequired\":true,\"valueName\":\"search_term_string\"}}],\"inLanguage\":\"es\"},{\"@type\":\"Organization\",\"@id\":\"https:\\\/\\\/psicohabit.es\\\/#organization\",\"name\":\"Clinica Psicol\u00f3gica Cristina de Armas\",\"url\":\"https:\\\/\\\/psicohabit.es\\\/\",\"logo\":{\"@type\":\"ImageObject\",\"inLanguage\":\"es\",\"@id\":\"https:\\\/\\\/psicohabit.es\\\/#\\\/schema\\\/logo\\\/image\\\/\",\"url\":\"https:\\\/\\\/psicohabit.es\\\/wp-content\\\/uploads\\\/2024\\\/05\\\/logo-ph.png\",\"contentUrl\":\"https:\\\/\\\/psicohabit.es\\\/wp-content\\\/uploads\\\/2024\\\/05\\\/logo-ph.png\",\"width\":274,\"height\":144,\"caption\":\"Clinica Psicol\u00f3gica Cristina de Armas\"},\"image\":{\"@id\":\"https:\\\/\\\/psicohabit.es\\\/#\\\/schema\\\/logo\\\/image\\\/\"}},{\"@type\":\"Person\",\"@id\":\"https:\\\/\\\/psicohabit.es\\\/#\\\/schema\\\/person\\\/92f8c6e8884d82534f07bc974aad3cab\",\"name\":\"cristinadearmas\",\"image\":{\"@type\":\"ImageObject\",\"inLanguage\":\"es\",\"@id\":\"https:\\\/\\\/secure.gravatar.com\\\/avatar\\\/38574177073706578cf5ae4101d6e5724491b65757fb30b810b686a5c6bf3c3a?s=96&d=mm&r=g\",\"url\":\"https:\\\/\\\/secure.gravatar.com\\\/avatar\\\/38574177073706578cf5ae4101d6e5724491b65757fb30b810b686a5c6bf3c3a?s=96&d=mm&r=g\",\"contentUrl\":\"https:\\\/\\\/secure.gravatar.com\\\/avatar\\\/38574177073706578cf5ae4101d6e5724491b65757fb30b810b686a5c6bf3c3a?s=96&d=mm&r=g\",\"caption\":\"cristinadearmas\"},\"url\":\"https:\\\/\\\/psicohabit.es\\\/es\\\/author\\\/cristinadearmas\\\/\"}]}<\/script>\n<!-- \/ Yoast SEO plugin. -->","yoast_head_json":{"title":"Las 5 Heridas Emocionales. Traumas de Infancia. - Clinica Psicol\u00f3gica Cristina de Armas","description":"Las heridas de la infancia marcan nuestra autoestima y relaciones adultas. Descubre c\u00f3mo reconocerlas y trabajarlas en terapia para poder sanarlas.","robots":{"index":"index","follow":"follow","max-snippet":"max-snippet:-1","max-image-preview":"max-image-preview:large","max-video-preview":"max-video-preview:-1"},"canonical":"https:\/\/psicohabit.es\/es\/las-5-heridas-emocionales-traumas-de-infancia\/","og_locale":"es_ES","og_type":"article","og_title":"Las 5 Heridas Emocionales. Traumas de Infancia. - Clinica Psicol\u00f3gica Cristina de Armas","og_description":"Las heridas de la infancia marcan nuestra autoestima y relaciones adultas. Descubre c\u00f3mo reconocerlas y trabajarlas en terapia para poder sanarlas.","og_url":"https:\/\/psicohabit.es\/es\/las-5-heridas-emocionales-traumas-de-infancia\/","og_site_name":"Clinica Psicol\u00f3gica Cristina de Armas","article_published_time":"2025-09-18T14:56:26+00:00","article_modified_time":"2025-09-18T14:56:31+00:00","og_image":[{"width":2560,"height":1707,"url":"https:\/\/psicohabit.es\/wp-content\/uploads\/2024\/06\/mom-is-tired-of-the-baby-wants-to-rest-and-sleep-2023-11-27-05-16-36-utc-scaled.jpg","type":"image\/jpeg"}],"author":"cristinadearmas","twitter_card":"summary_large_image","twitter_misc":{"Escrito por":"cristinadearmas","Tiempo de lectura":"7 minutos"},"schema":{"@context":"https:\/\/schema.org","@graph":[{"@type":"Article","@id":"https:\/\/psicohabit.es\/las-5-heridas-emocionales-traumas-de-infancia\/#article","isPartOf":{"@id":"https:\/\/psicohabit.es\/las-5-heridas-emocionales-traumas-de-infancia\/"},"author":{"name":"cristinadearmas","@id":"https:\/\/psicohabit.es\/#\/schema\/person\/92f8c6e8884d82534f07bc974aad3cab"},"headline":"Las 5 Heridas Emocionales. Traumas de Infancia.","datePublished":"2025-09-18T14:56:26+00:00","dateModified":"2025-09-18T14:56:31+00:00","mainEntityOfPage":{"@id":"https:\/\/psicohabit.es\/las-5-heridas-emocionales-traumas-de-infancia\/"},"wordCount":1431,"commentCount":0,"publisher":{"@id":"https:\/\/psicohabit.es\/#organization"},"image":{"@id":"https:\/\/psicohabit.es\/las-5-heridas-emocionales-traumas-de-infancia\/#primaryimage"},"thumbnailUrl":"https:\/\/psicohabit.es\/wp-content\/uploads\/2024\/06\/mom-is-tired-of-the-baby-wants-to-rest-and-sleep-2023-11-27-05-16-36-utc-scaled.jpg","keywords":["Herida de abandono","Herida de Humillacion","Herida de Injusticia","Herida de rechazo","Herida de Traicion","Heridas de infancia","Miedo a la critica","Miedo al abandono","Traumas infantiles"],"inLanguage":"es","potentialAction":[{"@type":"CommentAction","name":"Comment","target":["https:\/\/psicohabit.es\/las-5-heridas-emocionales-traumas-de-infancia\/#respond"]}]},{"@type":"WebPage","@id":"https:\/\/psicohabit.es\/las-5-heridas-emocionales-traumas-de-infancia\/","url":"https:\/\/psicohabit.es\/las-5-heridas-emocionales-traumas-de-infancia\/","name":"Las 5 Heridas Emocionales. Traumas de Infancia. - Clinica Psicol\u00f3gica Cristina de Armas","isPartOf":{"@id":"https:\/\/psicohabit.es\/#website"},"primaryImageOfPage":{"@id":"https:\/\/psicohabit.es\/las-5-heridas-emocionales-traumas-de-infancia\/#primaryimage"},"image":{"@id":"https:\/\/psicohabit.es\/las-5-heridas-emocionales-traumas-de-infancia\/#primaryimage"},"thumbnailUrl":"https:\/\/psicohabit.es\/wp-content\/uploads\/2024\/06\/mom-is-tired-of-the-baby-wants-to-rest-and-sleep-2023-11-27-05-16-36-utc-scaled.jpg","datePublished":"2025-09-18T14:56:26+00:00","dateModified":"2025-09-18T14:56:31+00:00","description":"Las heridas de la infancia marcan nuestra autoestima y relaciones adultas. Descubre c\u00f3mo reconocerlas y trabajarlas en terapia para poder sanarlas.","breadcrumb":{"@id":"https:\/\/psicohabit.es\/las-5-heridas-emocionales-traumas-de-infancia\/#breadcrumb"},"inLanguage":"es","potentialAction":[{"@type":"ReadAction","target":["https:\/\/psicohabit.es\/las-5-heridas-emocionales-traumas-de-infancia\/"]}]},{"@type":"ImageObject","inLanguage":"es","@id":"https:\/\/psicohabit.es\/las-5-heridas-emocionales-traumas-de-infancia\/#primaryimage","url":"https:\/\/psicohabit.es\/wp-content\/uploads\/2024\/06\/mom-is-tired-of-the-baby-wants-to-rest-and-sleep-2023-11-27-05-16-36-utc-scaled.jpg","contentUrl":"https:\/\/psicohabit.es\/wp-content\/uploads\/2024\/06\/mom-is-tired-of-the-baby-wants-to-rest-and-sleep-2023-11-27-05-16-36-utc-scaled.jpg","width":2560,"height":1707,"caption":"Mom is tired of the baby, wants to rest and sleep. The child screams, hysterical. The woman is tired of the child's cry, she does not want to hear it. A one-year-old girl yells from a toothache."},{"@type":"BreadcrumbList","@id":"https:\/\/psicohabit.es\/las-5-heridas-emocionales-traumas-de-infancia\/#breadcrumb","itemListElement":[{"@type":"ListItem","position":1,"name":"Portada","item":"https:\/\/psicohabit.es\/"},{"@type":"ListItem","position":2,"name":"Las 5 Heridas Emocionales. Traumas de Infancia."}]},{"@type":"WebSite","@id":"https:\/\/psicohabit.es\/#website","url":"https:\/\/psicohabit.es\/","name":"Clinica Psicol\u00f3gica Cristina de Armas","description":"Servicios de psicolog\u00eda en Madrid y on-line","publisher":{"@id":"https:\/\/psicohabit.es\/#organization"},"potentialAction":[{"@type":"SearchAction","target":{"@type":"EntryPoint","urlTemplate":"https:\/\/psicohabit.es\/?s={search_term_string}"},"query-input":{"@type":"PropertyValueSpecification","valueRequired":true,"valueName":"search_term_string"}}],"inLanguage":"es"},{"@type":"Organization","@id":"https:\/\/psicohabit.es\/#organization","name":"Clinica Psicol\u00f3gica Cristina de Armas","url":"https:\/\/psicohabit.es\/","logo":{"@type":"ImageObject","inLanguage":"es","@id":"https:\/\/psicohabit.es\/#\/schema\/logo\/image\/","url":"https:\/\/psicohabit.es\/wp-content\/uploads\/2024\/05\/logo-ph.png","contentUrl":"https:\/\/psicohabit.es\/wp-content\/uploads\/2024\/05\/logo-ph.png","width":274,"height":144,"caption":"Clinica Psicol\u00f3gica Cristina de Armas"},"image":{"@id":"https:\/\/psicohabit.es\/#\/schema\/logo\/image\/"}},{"@type":"Person","@id":"https:\/\/psicohabit.es\/#\/schema\/person\/92f8c6e8884d82534f07bc974aad3cab","name":"cristinadearmas","image":{"@type":"ImageObject","inLanguage":"es","@id":"https:\/\/secure.gravatar.com\/avatar\/38574177073706578cf5ae4101d6e5724491b65757fb30b810b686a5c6bf3c3a?s=96&d=mm&r=g","url":"https:\/\/secure.gravatar.com\/avatar\/38574177073706578cf5ae4101d6e5724491b65757fb30b810b686a5c6bf3c3a?s=96&d=mm&r=g","contentUrl":"https:\/\/secure.gravatar.com\/avatar\/38574177073706578cf5ae4101d6e5724491b65757fb30b810b686a5c6bf3c3a?s=96&d=mm&r=g","caption":"cristinadearmas"},"url":"https:\/\/psicohabit.es\/es\/author\/cristinadearmas\/"}]}},"_links":{"self":[{"href":"https:\/\/psicohabit.es\/es\/wp-json\/wp\/v2\/posts\/1124","targetHints":{"allow":["GET"]}}],"collection":[{"href":"https:\/\/psicohabit.es\/es\/wp-json\/wp\/v2\/posts"}],"about":[{"href":"https:\/\/psicohabit.es\/es\/wp-json\/wp\/v2\/types\/post"}],"author":[{"embeddable":true,"href":"https:\/\/psicohabit.es\/es\/wp-json\/wp\/v2\/users\/8"}],"replies":[{"embeddable":true,"href":"https:\/\/psicohabit.es\/es\/wp-json\/wp\/v2\/comments?post=1124"}],"version-history":[{"count":2,"href":"https:\/\/psicohabit.es\/es\/wp-json\/wp\/v2\/posts\/1124\/revisions"}],"predecessor-version":[{"id":1126,"href":"https:\/\/psicohabit.es\/es\/wp-json\/wp\/v2\/posts\/1124\/revisions\/1126"}],"wp:featuredmedia":[{"embeddable":true,"href":"https:\/\/psicohabit.es\/es\/wp-json\/wp\/v2\/media\/741"}],"wp:attachment":[{"href":"https:\/\/psicohabit.es\/es\/wp-json\/wp\/v2\/media?parent=1124"}],"wp:term":[{"taxonomy":"category","embeddable":true,"href":"https:\/\/psicohabit.es\/es\/wp-json\/wp\/v2\/categories?post=1124"},{"taxonomy":"post_tag","embeddable":true,"href":"https:\/\/psicohabit.es\/es\/wp-json\/wp\/v2\/tags?post=1124"}],"curies":[{"name":"wp","href":"https:\/\/api.w.org\/{rel}","templated":true}]}}